{"id":2154,"date":"2026-09-03T04:24:05","date_gmt":"2026-09-03T04:24:05","guid":{"rendered":"https:\/\/legatto.space\/?p=2154"},"modified":"2026-09-03T04:24:05","modified_gmt":"2026-09-03T04:24:05","slug":"jacob-collier","status":"publish","type":"post","link":"https:\/\/legatto.space\/en\/jacob-collier\/","title":{"rendered":"The Genius of Jacob Collier: The Revolution of Modern Music"},"content":{"rendered":"<p>\u00bfEs posible llenar un estadio y poner a decenas de miles de personas a cantar acordes microtonales a cuatro voces sin que necesiten saber leer una sola nota en un pentagrama? Para <a href=\"https:\/\/www.jacobcollier.com\/\" target=\"_blank\" rel=\"noopener\"><b>Jacob Collier<\/b><\/a>, esto no es un experimento de laboratorio: es el cl\u00edmax habitual de sus conciertos.<\/p>\n<p>Desde la habitaci\u00f3n de su infancia en Finchley, al norte de Londres, hasta convertirse en el primer artista brit\u00e1nico en ganar un premio Grammy por cada uno de sus cuatro primeros \u00e1lbumes, Jacob Collier ha transformado la manera en que entendemos la composici\u00f3n, la producci\u00f3n y la pedagog\u00eda musical en el siglo XXI.<\/p>\n<p>En este art\u00edculo desglosamos en profundidad el fen\u00f3meno Collier: su historia, sus aportaciones a la teor\u00eda musical avanzada -explicadas de forma clara y aplicable-, su tecnolog\u00eda para el directo y las lecciones clave que todo productor, compositor o estudiante de m\u00fasica puede integrar en sus propios proyectos.<\/p>\n<p><\/p>\n\t\t\t\t\t\t\t\t\t<img decoding=\"async\" src=\"https:\/\/c10.patreonusercontent.com\/4\/patreon-media\/p\/campaign\/90726\/3cdfa4ce30c64a15a43d6a32f0cc6cec\/eyJ3IjoxOTIwLCJ3ZSI6MX0%3D\/39.png?token-hash=wptCJr5dYcpitKsiqh947Xigb7aARPKcdVhIJqJPfVE%3D&#038;token-time=1788480000\" alt=\"https:\/\/www.patreon.com\/JCollierMusic\/about\" itemprop=\"image\" title=\"39.png?token-hash=wptCJr5dYcpitKsiqh947Xigb7aARPKcdVhIJqJPfVE&amp;token-time=1788480000\" onerror=\"this.style.display='none'\"  \/>\n\t\t\t\t\t\t\t\t\t\t\thttps:\/\/www.patreon.com\/JCollierMusic\/about\n\t<p><\/p>\n<h2><b>\ud83d\udca1 Key Takeaways (Puntos Clave)<\/b><\/h2>\n<ul>\n<li aria-level=\"1\"><b>Prodigio de producci\u00f3n:<\/b> Pas\u00f3 de publicar videos caseros multipista en YouTube a ganar 7 premios Grammy produciendo, arreglando y mezclando desde su hogar.<\/li>\n<li aria-level=\"1\"><b>Armon\u00eda Negativa:<\/b> Populariz\u00f3 un concepto basado en el dualismo arm\u00f3nico del siglo XIX que permite rearmonizar temas invirtiendo la polaridad de los acordes sin perder la fuerza gravitacional hacia la t\u00f3nica.<\/li>\n<li aria-level=\"1\"><b>M\u00e1s all\u00e1 del piano est\u00e1ndar (12-TET):<\/b> Utiliza la <i>Entonaci\u00f3n Justa<\/i> y afinaciones microtonales para crear resonancias vocales e instrumentales de una pureza ac\u00fastica imposible en instrumentos tradicionales.<\/li>\n<li aria-level=\"1\"><b>Ritmo el\u00e1stico y Polipulsos:<\/b> Domina superposiciones complejas como 2:3:4:5:6 e integra la r\u00edtmica del <i>konnakol<\/i> indio con la modulaci\u00f3n m\u00e9trica.<\/li>\n<li aria-level=\"1\"><b>Pedagog\u00eda masiva:<\/b> Convierte al p\u00fablico en un coro improvisado (<i>Audience Choir<\/i>), tecnolog\u00eda que hoy existe como un plugin VST accesible para cualquier productor del mundo.<\/li>\n<\/ul>\n\t<p class=\"wp-block-paragraph\"><\/p>\n<h2><b>De la Producci\u00f3n Dom\u00e9stica a la Historia de los Grammy<\/b><\/h2>\n<p class=\"wp-block-paragraph\">Nacido en 1994 en una familia de profunda tradici\u00f3n pedag\u00f3gica y musical -su madre, Susan Collier, es violinista, conductora y profesora de la <i>Royal Academy of Music<\/i>-, Jacob creci\u00f3 entendiendo la m\u00fasica no como un conjunto abstracto de reglas r\u00edgidas, sino como un lenguaje cotidiano, l\u00fadico e intuitivo.<\/p>\n<p>El salto internacional de Collier comenz\u00f3 en 2011 tras publicar en YouTube una serie de videos en pantalla dividida donde arreglaba, interpretaba, grababa y mezclaba cada capa instrumental y vocal de cl\u00e1sicos como <i>&#8220;Isn&#8217;t She Lovely&#8221;<\/i> or <i>&#8220;Don&#8217;t You Worry &#8216;Bout A Thing&#8221;<\/i> de Stevie Wonder. Esta demostraci\u00f3n de virtuosismo multinstrumental y sofisticaci\u00f3n arm\u00f3nica llam\u00f3 la atenci\u00f3n del legendario productor <b>Quincy Jones<\/b>, quien asumi\u00f3 la gesti\u00f3n de su carrera en 2014.<\/p>\n<p>En 2016 lanz\u00f3 su \u00e1lbum debut, <b><i>In My Room<\/i><\/b>, realizado \u00edntegramente por \u00e9l en la habitaci\u00f3n de su casa familiar. La repercusi\u00f3n cr\u00edtica le vali\u00f3 sus dos primeros premios Grammy.<\/p>\n<p>Posteriormente se embarc\u00f3 en su proyecto m\u00e1s ambicioso: <b><i>Djesse<\/i><\/b>, una tetralog\u00eda de 50 canciones dividida en cuatro vol\u00famenes, explorando universos sonoros totalmente diferenciados:<\/p>\n\t<style>\n  @import url('https:\/\/fonts.googleapis.com\/css2?family=Raleway:ital,wght@0,400;0,600;0,700;1,400&display=swap');\n  \/* Contenedor principal con aislamiento para evitar conflictos en Beaver Builder *\/\n  .legatto-table-wrapper {\n    width: 100%;\n    margin: 20px 0;\n    overflow-x: auto;\n    background-color: #141414;\n    border-radius: 8px;\n    box-shadow: 0 4px 15px rgba(0, 0, 0, 0.3);\n    font-family: 'Raleway', sans-serif;\n    color: #ffffff;\n    box-sizing: border-box;\n  }\n  .legatto-table-wrapper * {\n    box-sizing: border-box;\n  }\n  \/* Estructura de la tabla *\/\n  .legatto-table-wrapper table.legatto-table {\n    width: 100%;\n    border-collapse: collapse;\n    text-align: left;\n    font-size: 15px;\n    line-height: 1.5;\n    background-color: #141414;\n    border: none;\n    margin: 0;\n    padding: 0;\n  }\n  \/* Encabezados *\/\n  .legatto-table-wrapper table.legatto-table th {\n    background-color: #212121;\n    color: #f6c703;\n    font-weight: 700;\n    padding: 16px 20px;\n    border-bottom: 2px solid #f6c703;\n    text-transform: uppercase;\n    font-size: 13px;\n    letter-spacing: 0.8px;\n  }\n  \/* Celdas de datos *\/\n  .legatto-table-wrapper table.legatto-table td {\n    padding: 16px 20px;\n    border-bottom: 1px solid #212121;\n    color: #ffffff;\n  }\n  \/* Resaltado para la primera columna *\/\n  .legatto-table-wrapper table.legatto-table td:first-child {\n    font-weight: 600;\n    color: #ffffff;\n  }\n  \/* Filas alternadas (Zebra striping) *\/\n  .legatto-table-wrapper table.legatto-table tbody tr:nth-child(even) {\n    background-color: #1a1a1a;\n  }\n  \/* Efecto Hover *\/\n  .legatto-table-wrapper table.legatto-table tbody tr:hover {\n    background-color: #212121;\n    transition: background-color 0.2s ease;\n  }\n  \/* Adaptaci\u00f3n Responsive para pantallas peque\u00f1as *\/\n  @media screen and (max-width: 768px) {\n    .legatto-table-wrapper table.legatto-table th,\n    .legatto-table-wrapper table.legatto-table td {\n      padding: 12px 14px;\n      font-size: 14px;\n    }\n  }\n<\/style>\n  <table>\n    <thead>\n      <tr>\n        <th>Proyecto \/ \u00c1lbum<\/th>\n        <th>A\u00f1o<\/th>\n        <th>Sello<\/th>\n        <th>Universo Sonoro y Estilo<\/th>\n        <th>Hito \/ Galard\u00f3n Destacado<\/th>\n      <\/tr>\n    <\/thead>\n    <tbody>\n      <tr>\n        <td>In My Room<\/td>\n        <td>2016<\/td>\n        <td>Membran \/ Mind-Loop<\/td>\n        <td>Jazz Fusi\u00f3n, A Cappella, Pop Experimental<\/td>\n        <td>2 Premios Grammy (&#8220;Flintstones&#8221;, &#8220;You and I&#8221;)<\/td>\n      <\/tr>\n      <tr>\n        <td>Djesse Vol. 1<\/td>\n        <td>2018<\/td>\n        <td>Hajanga \/ Geffen \/ Decca<\/td>\n        <td>Orquestal, Jazz Sinf\u00f3nico (con Metropole Orkest)<\/td>\n        <td>Grammy al Mejor Arreglo (&#8220;All Night Long&#8221;)<\/td>\n      <\/tr>\n      <tr>\n        <td>Djesse Vol. 2<\/td>\n        <td>2019<\/td>\n        <td>Hajanga \/ Geffen \/ Decca<\/td>\n        <td>Ac\u00fastico, Folk, Chamber Pop, M\u00fasica del Mundo<\/td>\n        <td>Grammy al Mejor Arreglo (&#8220;Moon River&#8221;)<\/td>\n      <\/tr>\n      <tr>\n        <td>Djesse Vol. 3<\/td>\n        <td>2020<\/td>\n        <td>Hajanga \/ Geffen \/ Decca<\/td>\n        <td>Electr\u00f3nico, R&#038;B, Pop Alternativo, Funk<\/td>\n        <td>Grammy al Mejor Arreglo (&#8220;He Won&#8217;t Hold You&#8221;)<\/td>\n      <\/tr>\n      <tr>\n        <td>Djesse Vol. 4<\/td>\n        <td>2024<\/td>\n        <td>Hajanga \/ Interscope<\/td>\n        <td>Coral Masivo, Gospel, Fusi\u00f3n Global<\/td>\n        <td>Grammy al Mejor Arreglo (&#8220;Bridge Over Troubled Water&#8221;)<\/td>\n      <\/tr>\n    <\/tbody>\n  <\/table>\n\t<h2><b>Fundamentos Te\u00f3ricos y Metodolog\u00edas de Composici\u00f3n Avanzada<\/b><\/h2>\n<p>La trascendencia de Collier en el an\u00e1lisis musical moderno radica en su capacidad para articular conceptos complejos de la ac\u00fastica, la simetr\u00eda arm\u00f3nica y el temperamento din\u00e1mico, traduci\u00e9ndolos en herramientas de composici\u00f3n pr\u00e1ctica.<\/p>\n<h3><b>A. Armon\u00eda Negativa y Dualismo Especular<\/b><\/h3>\n<p>The <b>Armon\u00eda Negativa<\/b> (<i>Negative Harmony<\/i>) es el concepto te\u00f3rico m\u00e1s asociado a Collier. Aunque sus ra\u00edces provienen del dualismo arm\u00f3nico del siglo XIX desarrollado por Hugo Riemann y sintetizado por Ernst Levy en <i>A Theory of Harmony<\/i> (1985), Collier fue el gran divulgador que lo adapt\u00f3 a la m\u00fasica popular contempor\u00e1nea.<\/p>\n<h4><b>Fundamento t\u00e9cnico<\/b><\/h4>\n<p>La teor\u00eda parte de que la tonalidad no solo posee una fuerza gravitacional hacia arriba derivada de la serie de arm\u00f3nicos naturales, sino que tiene un reflejo sim\u00e9trico hacia abajo (subarm\u00f3nicos).<\/p>\n<p>Para construir la versi\u00f3n &#8220;negativa&#8221; de un acorde o progresi\u00f3n dentro de una tonalidad -por ejemplo, Do Mayor-:<\/p>\n<ol>\n<li aria-level=\"1\"><b>Eje de simetr\u00eda:<\/b> En el c\u00edrculo de quintas, se biseca la distancia entre la t\u00f3nica (I) y la dominante (V). En Do Mayor (C), la distancia entre Do (C) y Sol (G) es de 7 semitonos. El eje se ubica a 3,5 semitonos, cortando el espacio exactamente entre <b>Mi bemol (E\u266d)<\/b> and <b>Mi natural (E)<\/b>.<\/li>\n<li aria-level=\"1\"><b>Reflejo especular:<\/b> Cada nota de la escala se refleja al otro lado del eje:\n<ul>\n<li>\n<ul>\n<li aria-level=\"2\"><b>C<\/b> (T\u00f3nica) \u2194 <b>G<\/b> (Dominante)<\/li>\n<li aria-level=\"2\"><b>AND<\/b> (Tercera Mayor) \u2194 <b>E\u266d<\/b> (Tercera Menor)<\/li>\n<\/ul>\n<\/li>\n<\/ul>\n<ul>\n<li aria-level=\"2\"><b>B<\/b> (Sensible) \u2194 <b>A\u266d<\/b><\/li>\n<\/ul>\n<\/li>\n<\/ol>\n\n    <b><font size=\"4\">EJE DE SIMETR\u00cdA: <\/font><font size=\"4\" color=\"#f6c703\">E\u266d \u2500\u2500\u2500 E<\/font><\/b>\n  \n<table width=\"100%\" border=\"0\" cellspacing=\"0\" cellpadding=\"12\">\n<tbody>\n<tr>\n<td width=\"35%\"><b><font size=\"5\">C<\/font><\/b><\/td>\n<td><b><font size=\"6\" color=\"#f6c703\">\u2194<\/font><\/b><\/td>\n<td width=\"35%\"><b><font size=\"5\">G<\/font><\/b><\/td>\n<\/tr>\n<tr>\n<td><b><font size=\"5\">G<\/font><\/b><\/td>\n<td><b><font size=\"6\" color=\"#f6c703\">\u2194<\/font><\/b><\/td>\n<td><b><font size=\"5\">C<\/font><\/b><\/td>\n<\/tr>\n<tr>\n<td><b><font size=\"5\">B<\/font><\/b><\/td>\n<td><b><font size=\"6\" color=\"#f6c703\">\u2194<\/font><\/b><\/td>\n<td><b><font size=\"5\">A\u266d<\/font><\/b><\/td>\n<\/tr>\n<tr>\n<td><b><font size=\"5\">D<\/font><\/b><\/td>\n<td><b><font size=\"6\" color=\"#f6c703\">\u2194<\/font><\/b><\/td>\n<td><b><font size=\"5\">F<\/font><\/b><\/td>\n<\/tr>\n<\/tbody>\n<\/table>\n\t<h4><b>Preservaci\u00f3n de la gravedad arm\u00f3nica<\/b><\/h4>\n<p>Lo fascinante de la Armon\u00eda Negativa es que <b>mantiene matem\u00e1ticamente la misma fuerza de resoluci\u00f3n hacia la t\u00f3nica<\/b>, pero invierte la polaridad del timbre y el movimiento de las voces.<\/p>\n<p>La cadencia tradicional <b>G7 \u2192 C<\/b> (V7 \u2192 I) se convierte en un acorde de <b>Fm6 \u2192 C<\/b>. Los acordes mayores se transforman en menores y la conducci\u00f3n de voces ascendente pasa a ser descendente.<\/p>\n\t<style>\n  @import url('https:\/\/fonts.googleapis.com\/css2?family=Raleway:ital,wght@0,400;0,600;0,700;1,400&display=swap');\n  \/* Contenedor principal aislado para Beaver Builder *\/\n  .legatto-table-wrapper {\n    width: 100%;\n    margin: 20px 0;\n    overflow-x: auto;\n    background-color: #141414;\n    border-radius: 8px;\n    box-shadow: 0 4px 15px rgba(0, 0, 0, 0.3);\n    font-family: 'Raleway', sans-serif;\n    color: #ffffff;\n    box-sizing: border-box;\n  }\n  .legatto-table-wrapper * {\n    box-sizing: border-box;\n  }\n  \/* Estructura de la tabla *\/\n  .legatto-table-wrapper table.legatto-table {\n    width: 100%;\n    border-collapse: collapse;\n    text-align: left;\n    font-size: 15px;\n    line-height: 1.5;\n    background-color: #141414;\n    border: none;\n    margin: 0;\n    padding: 0;\n  }\n  \/* Encabezados *\/\n  .legatto-table-wrapper table.legatto-table th {\n    background-color: #212121;\n    color: #f6c703;\n    font-weight: 700;\n    padding: 16px 20px;\n    border-bottom: 2px solid #f6c703;\n    text-transform: uppercase;\n    font-size: 13px;\n    letter-spacing: 0.8px;\n  }\n  \/* Celdas de datos *\/\n  .legatto-table-wrapper table.legatto-table td {\n    padding: 16px 20px;\n    border-bottom: 1px solid #212121;\n    color: #ffffff;\n  }\n  \/* Resaltado para la primera columna *\/\n  .legatto-table-wrapper table.legatto-table td:first-child {\n    font-weight: 600;\n    color: #ffffff;\n  }\n  \/* Filas alternadas (Zebra striping) *\/\n  .legatto-table-wrapper table.legatto-table tbody tr:nth-child(even) {\n    background-color: #1a1a1a;\n  }\n  \/* Efecto Hover *\/\n  .legatto-table-wrapper table.legatto-table tbody tr:hover {\n    background-color: #212121;\n    transition: background-color 0.2s ease;\n  }\n  \/* Adaptaci\u00f3n Responsive *\/\n  @media screen and (max-width: 768px) {\n    .legatto-table-wrapper table.legatto-table th,\n    .legatto-table-wrapper table.legatto-table td {\n      padding: 12px 14px;\n      font-size: 14px;\n    }\n  }\n<\/style>\n  <table>\n    <thead>\n      <tr>\n        <th>Acorde Original (Do Mayor)<\/th>\n        <th>Notas Constitutivas<\/th>\n        <th>Notas Reflejadas Especularmente<\/th>\n        <th>Acorde Negativo Resultante<\/th>\n      <\/tr>\n    <\/thead>\n    <tbody>\n      <tr>\n        <td>C maj (I)<\/td>\n        <td>C &#8211; E &#8211; G<\/td>\n        <td>G &#8211; E\u266d &#8211; C<\/td>\n        <td>C min (o Eb maj6)<\/td>\n      <\/tr>\n      <tr>\n        <td>G7 (V7)<\/td>\n        <td>G &#8211; B &#8211; D &#8211; F<\/td>\n        <td>C &#8211; A\u266d &#8211; F &#8211; D<\/td>\n        <td>Fm6<\/td>\n      <\/tr>\n      <tr>\n        <td>Dm7 (ii7)<\/td>\n        <td>D &#8211; F &#8211; A &#8211; C<\/td>\n        <td>F &#8211; D &#8211; B\u266d &#8211; G<\/td>\n        <td>B\u266d6 (o Gm7)<\/td>\n      <\/tr>\n      <tr>\n        <td>F maj (IV)<\/td>\n        <td>F &#8211; A &#8211; C<\/td>\n        <td>D &#8211; B\u266d &#8211; G<\/td>\n        <td>Gm (v)<\/td>\n      <\/tr>\n    <\/tbody>\n  <\/table>\n\t<h4><b>Aplicaci\u00f3n pr\u00e1ctica en Legatto: Si est\u00e1s bloqueado en un puente o arreglo de producci\u00f3n, toma tu progresi\u00f3n habitual y convi\u00e9rtela a su equivalente negativo. Obtendr\u00e1s una textura melanc\u00f3lica y cinematogr\u00e1fica instant\u00e1nea, pero que resolver\u00e1 perfectamente en tu coro.El Mecanismo de Generaci\u00f3n Lineal<\/b><\/h4>\n\t<h3><b>B. Microtonalidad, Entonaci\u00f3n Justa y Temperamento Din\u00e1mico<\/b><\/h3>\n<p>Collier rechaza el Temperamento Igual de 12 Tonos (<b>12-TET<\/b>) como un l\u00edmite insuperable. El sistema <b>12-TET<\/b>, propio de los pianos y estaciones DAW est\u00e1ndar, divide la octava en 12 semitonos id\u00e9nticos de <b>100 cents<\/b> cada uno. Facilita la modulaci\u00f3n, pero sacrifica la pureza ac\u00fastica de los intervalos.<\/p>\n<p>In the <b>Entonaci\u00f3n Justa<\/b> (<i>Just Intonation<\/i>), los intervalos se afinan seg\u00fan proporciones de n\u00fameros enteros derivadas de la f\u00edsica del tubo sonoro y la cuerda vibrante:<\/p>\n<ul>\n<li aria-level=\"1\"><b>Tercera Mayor en 12-TET:<\/b> 400 cents.<\/li>\n<li aria-level=\"1\"><b>Tercera Mayor Pura (proporci\u00f3n 5\/4):<\/b> \u2248 386,31 cents (aproximadamente 13,69 cents m\u00e1s baja).<\/li>\n<\/ul>\n<p><!-- COMPARATIVA VISUAL CLEAN --><\/p>\n<b>Diferencia entre Piano Est\u00e1ndar y F\u00edsica Ac\u00fastica Pura<\/b>\n<p><!-- BLOQUE 12-TET --><\/p>\n<b>12-TET (Piano):<\/b>\n<table border=\"0\" width=\"100%\" cellspacing=\"2\" cellpadding=\"8\">\n<tbody>\n<tr>\n<td><b>100c<\/b><\/td>\n<td><b>100c<\/b><\/td>\n<td><b>100c<\/b><\/td>\n<td><b>100c<\/b><\/td>\n<\/tr>\n<\/tbody>\n<\/table>\n<b>= 400 cents<\/b>\n<p><!-- BLOQUE ENTONACI\u00d3N JUSTA --><\/p>\n<b>Entonaci\u00f3n Justa (Proporci\u00f3n 5\/4):<\/b>\n<b>Ratio 5\/4 Ac\u00fastico Puro<\/b>\n<b>= 386,3 cents<\/b>\n<p><!-- INDICADOR DE DIFERENCIA --><\/p>\n<b>\u25b2 13,7 cents m\u00e1s consonante<\/b>\n<p>Al grabar arreglos vocales <i>a cappella<\/i>, Collier canta las terceras mayores ligeramente m\u00e1s bajas y las quintas puras en relaci\u00f3n <b>3\/2 (701,95 cents)<\/b>, eliminando los batimientos ac\u00fasticos y logrando acordes de una resonancia cristalina y perfecta.<\/p>\n<h4><b>Modulaci\u00f3n Microtonal Continuada<\/b><\/h4>\n<p>En su pieza <i>&#8220;Hideaway&#8221;<\/i>, modifica progresivamente la frecuencia de referencia pasando de <b>A = 440 Hz<\/b> a <b>A = 432 Hz<\/b> para aportar una sensaci\u00f3n de mayor apertura.<\/p>\n<p>Asimismo, en su arreglo de <i>&#8220;In the Bleak Midwinter&#8221;<\/i>, realiza modulaciones microtonales mediante comas sint\u00f3nicas a lo largo de la obra, elevando la tonalidad de Mi Mayor (E) hasta alcanzar un <b>Sol semisostenido mayor<\/b>, situado exactamente a medio camino entre Sol mayor y Sol sostenido mayor.<\/p>\n<h3><b>C. M\u00e9tricas Complejas, Polirritmia y Modulaci\u00f3n M\u00e9trica<\/b><\/h3>\n<p>Inspirado en la m\u00fasica carn\u00e1tica de la India -y en el lenguaje del <i>konnakol<\/i>-, Collier trata el ritmo como un elemento din\u00e1mico y el\u00e1stico.<\/p>\n<p>No solo utiliza compases asim\u00e9tricos como <b>5\/4, 7\/8 o 11\/8<\/b>, sino que destaca por el uso de <b>polipulsos<\/b> (<i>polypulses<\/i>), ejecutando simult\u00e1neamente relaciones m\u00e9tricas como <b>2:3:4:5:6<\/b>.<\/p>\n<p>Mediante la <b>modulaci\u00f3n m\u00e9trica<\/b>, toma una subdivisi\u00f3n de un patr\u00f3n existente -por ejemplo, una nota dentro de un tresillo o quintillo- y la convierte din\u00e1micamente en el nuevo pulso de negra del siguiente pasaje, cambiando el tempo percibido con exactitud matem\u00e1tica, pero manteniendo la continuidad org\u00e1nica y el <i>groove<\/i>.<\/p>\n\t<h2><b>Tecnolog\u00edas de Interpretaci\u00f3n en Vivo y Pedagog\u00eda de Masas<\/b><\/h2>\n<p>Llevar al directo producciones con cientos de capas grabadas en estudio, sin recurrir a secuencias pregrabadas, requiri\u00f3 innovaci\u00f3n tecnol\u00f3gica y humana.<\/p>\n<h3><b>El Live Performance Vehicle y el Armonizador DSP<\/b><\/h3>\n<p>En colaboraci\u00f3n con <b>Ben Bloomberg<\/b> -investigador del <i>MIT Media Lab<\/i>-, se dise\u00f1\u00f3 el <i>Live Performance Vehicle<\/i>. Su centro tecnol\u00f3gico es un <b>armonizador vocal polif\u00f3nico en tiempo real<\/b>.<\/p>\n<p>A diferencia de los procesadores comerciales comunes que deforman los formantes vocales -efecto &#8220;ardilla&#8221;- o presentan latencia, este sistema utiliza procesamiento de se\u00f1al digital (DSP) avanzado:<\/p>\n<ul>\n<li aria-level=\"1\">Registra la voz de Collier mediante el micr\u00f3fono.<\/li>\n<li aria-level=\"1\">Recibe informaci\u00f3n MIDI desde su teclado personalizado.<\/li>\n<li aria-level=\"1\">Re-sintetiza la se\u00f1al en un coro polif\u00f3nico en vivo de hasta 12 voces simult\u00e1neas, respetando la naturalidad t\u00edmbrica humana y permitiendo microtonos instant\u00e1neos.<\/li>\n<\/ul>\n\t\t\t\t\t\t\t\t\t<img decoding=\"async\" src=\"https:\/\/smartcdn.gprod.postmedia.digital\/ottawacitizen\/wp-content\/uploads\/2017\/07\/dnn_7354cr-jpg.jpg\" alt=\"Jacob Collier at the 2017 TD Ottawa Jazz Festival Photo by Dan Nawrocki\" itemprop=\"image\" title=\"dnn_7354cr-jpg.jpg\" onerror=\"this.style.display='none'\"  \/>\n\t\t\t\t\t\t\t\t\t\t\tJacob Collier at the 2017 TD Ottawa Jazz Festival Photo by Dan Nawrocki\n\t<h3><b>Conducci\u00f3n Coral Interactiva: El Audience Choir<\/b><\/h3>\n<p>El mayor logro pedag\u00f3gico de Collier es transformar al p\u00fablico en un instrumento colectivo (<i>Audience Choir<\/i>):<\/p>\n<ol>\n<li aria-level=\"1\">Divide el recinto en 3 o 4 secciones: Sopranos, Altos, Tenores y Bajos.<\/li>\n<li aria-level=\"1\">Asigna una nota inicial a cada grupo.<\/li>\n<li aria-level=\"1\">Mediante gestos corporales e indicaciones espaciales con las manos, desplaza la altura tonal de cada secci\u00f3n en tiempo real.<\/li>\n<\/ol>\n<p>Con este m\u00e9todo, miles de asistentes <b>sin formaci\u00f3n musical<\/b> ejecutan modulaciones, acordes disminuidos, suspensiones y resoluciones.<\/p>\n<p>En febrero de 2024, <b>Native Instruments<\/b> and <b>Spitfire Audio<\/b> publicaron gratuitamente el plugin <b>Jacob Collier Audience Choir<\/b>, creado a partir de muestras grabadas durante su gira en 22 ciudades. Hoy, cualquier usuario de un DAW puede usar este instrumento virtual en sus pistas.<\/p>\n\t\t\t\t\t\t\t\t\t<img decoding=\"async\" src=\"https:\/\/www.visitlakecounty.org\/images\/event_photos\/jacobcollier-fbpage.jpg\" alt=\"https:\/\/www.visitlakecounty.org\/Jacob-Collier-at-Ravinia-Festival-2026-09-23\" itemprop=\"image\" title=\"jacobcollier-fbpage.jpg\" onerror=\"this.style.display='none'\"  \/>\n\t\t\t\t\t\t\t\t\t\t\thttps:\/\/www.visitlakecounty.org\/Jacob-Collier-at-Ravinia-Festival-2026-09-23\n\t<h2><b>Red de Colaboraciones Transversales<\/b><\/h2>\n<p>La versatilidad de Collier lo ha convertido en un conector de alto nivel, fusionando su complejidad t\u00e9cnica con g\u00e9neros comerciales masivos:<\/p>\n<ul>\n<li aria-level=\"1\"><b>Coldplay:<\/b> Coautor, arreglista e int\u00e9rprete en <i>&#8220;Human Heart&#8221;<\/i> (<i>Music of the Spheres<\/i>, 2021) y arreglos en <i>Everyday Life<\/i> (2019).<\/li>\n<li aria-level=\"1\"><b>Stormzy:<\/b> Arreglista y pianista en 7 canciones del disco <i>This Is What I Mean<\/i> (2022), aportando armonizaciones avanzadas de gospel al hip-hop\/R&amp;B brit\u00e1nico.<\/li>\n<li aria-level=\"1\"><b>SZA:<\/b> Dise\u00f1ador del contrapunto vocal y microtonalidad en el s\u00faper \u00e9xito global <i>&#8220;Good Days&#8221;<\/i>.<\/li>\n<li aria-level=\"1\"><b>John Mayer:<\/b> Coproductor e intercambio de armon\u00eda negativa en <i>&#8220;Never Gonna Be Alone&#8221;<\/i>.<\/li>\n<li aria-level=\"1\"><b>Hans Zimmer:<\/b> Orquestaci\u00f3n y grabaci\u00f3n vocal para las bandas sonoras animadas de <i>The Boss Baby<\/i>.<\/li>\n<li aria-level=\"1\"><b>Joni Mitchell:<\/b> Acompa\u00f1ante al piano y arreglista en la gala de los Premios Grammy 2024 para su hist\u00f3rica interpretaci\u00f3n de <i>&#8220;Both Sides Now&#8221;<\/i>.<\/li>\n<\/ul>\n\t\t\t\t\t\t\t\t\t<img decoding=\"async\" src=\"https:\/\/i.ytimg.com\/vi\/TwC0Db7oerM\/maxresdefault.jpg\" alt=\"Jacob Collier &amp; Chris Martin\" itemprop=\"image\" title=\"maxresdefault.jpg\" onerror=\"this.style.display='none'\"  \/>\n\t\t\t\t\t\t\t\t\t\t\tJacob Collier &amp; Chris Martin\n\t<h2><b>Conclusiones y Lecciones Pr\u00e1cticas para la Comunidad Legatto<\/b><\/h2>\n<p>El trabajo de Jacob Collier demuestra que la sofisticaci\u00f3n te\u00f3rica de m\u00e1s alto nivel acad\u00e9mico no est\u00e1 re\u00f1ida con la emoci\u00f3n ni con la conexi\u00f3n con el p\u00fablico general.<\/p>\n<p>\u00bfQu\u00e9 nos ense\u00f1a a los creadores de hoy?<\/p>\n<ol>\n<li aria-level=\"1\"><b>La teor\u00eda no es una c\u00e1rcel, es una paleta de colores:<\/b> La teor\u00eda musical no determina qu\u00e9 est\u00e1 &#8220;bien&#8221; o &#8220;mal&#8221;; describe posibilidades. Aprender conceptos complejos te brinda alternativas para materializar exactamente lo que escuchas en tu cabeza.<\/li>\n<li aria-level=\"1\"><b>El o\u00eddo es m\u00e1s importante que la vista (o la rejilla MIDI):<\/b> No te f\u00edes \u00fanicamente del afinador digital. Experimenta cantando, graba tus propias voces y escucha c\u00f3mo interact\u00faan las frecuencias en el espacio real.<\/li>\n<li aria-level=\"1\"><b>Siente el ritmo de forma el\u00e1stica:<\/b> Explora las subdivisiones y las superposiciones r\u00edtmicas. Pensar el tiempo como un flujo vivo en lugar de un <i>grid<\/i> rob\u00f3tico le dar\u00e1 un <i>groove<\/i> infinito a tus producciones.<\/li>\n<li aria-level=\"1\"><b>Nunca pierdas el esp\u00edritu de juego:<\/b> El ingrediente principal de Collier es la exploraci\u00f3n curiosa. Trata tu DAW, tus plugins y tus instrumentos como juguetes en un laboratorio creativo sin prejuicios.<\/li>\n<\/ol>\n<h3><b><img decoding=\"async\" role=\"img\" draggable=\"false\" src=\"https:\/\/s.w.org\/images\/core\/emoji\/17.0.2\/svg\/1f680.svg\" alt=\"\ud83d\ude80\" \/> \u00bfQuieres profundizar en teor\u00eda musical y producci\u00f3n moderna?<\/b><\/h3>\n<p>In the <b><a href=\"https:\/\/legatto.space\/en\/blog\/\" rel=\"noopener\">Library<\/a> and <a href=\"https:\/\/legatto.space\/en\/aprender\/\">Cursos de Legatto<\/a><\/b>, encontrar\u00e1s an\u00e1lisis como este, gu\u00edas paso a paso de producci\u00f3n, armon\u00eda moderna y dise\u00f1o sonoro. Todo dise\u00f1ado para potenciar tus habilidades creativas e impulsar tus propios proyectos musicales.<\/p>\n\t<a href=\"https:\/\/wa.me\/+525618454533\" target=\"_blank\" role=\"button\" rel=\"noopener\" aria-label=\"contact us directly\">\n\t\t\t\t\t\tcontact us directly\n\t\t\t<\/a>","protected":false},"excerpt":{"rendered":"<p>\u00bfEs posible llenar un estadio y poner a decenas de miles de personas a cantar acordes microtonales a cuatro voces sin que necesiten saber leer una sola nota en un pentagrama? Para Jacob Collier, esto no es un experimento de laboratorio: es el cl\u00edmax habitual de sus conciertos. Desde la habitaci\u00f3n de su infancia en&hellip;<\/p>","protected":false},"author":1,"featured_media":2155,"comment_status":"closed","ping_status":"open","sticky":false,"template":"","format":"standard","meta":{"_jetpack_newsletter_access":"","_jetpack_dont_email_post_to_subs":false,"_jetpack_newsletter_tier_id":0,"_jetpack_memberships_contains_paywalled_content":false,"_jetpack_feature_clip_id":0,"_jetpack_memberships_contains_paid_content":false,"footnotes":"","jetpack_post_was_ever_published":false},"categories":[21,1],"tags":[],"class_list":["post-2154","post","type-post","status-publish","format-standard","has-post-thumbnail","hentry","category-blog","category-sin-categoria"],"yoast_head":"<!-- This site is optimized with the Yoast SEO plugin v28.4 - https:\/\/yoast.com\/product\/yoast-seo-wordpress\/ -->\n<title>El Genio de Jacob Collier: La Revoluci\u00f3n de la M\u00fasica Moderna - Legatto<\/title>\n<meta name=\"description\" content=\"\u00bfPor qu\u00e9 Jaco Collier es considerado una eminencia en la m\u00fasica? No es cualquier cosa, te lo explicamos a detalle en este espacio.\" \/>\n<meta name=\"robots\" content=\"index, follow, max-snippet:-1, max-image-preview:large, max-video-preview:-1\" \/>\n<link rel=\"canonical\" href=\"https:\/\/legatto.space\/en\/jacob-collier\/\" \/>\n<meta property=\"og:locale\" content=\"en_US\" \/>\n<meta property=\"og:type\" content=\"article\" \/>\n<meta property=\"og:title\" content=\"El Genio de Jacob Collier: La Revoluci\u00f3n de la M\u00fasica Moderna - Legatto\" \/>\n<meta property=\"og:description\" content=\"\u00bfPor qu\u00e9 Jaco Collier es considerado una eminencia en la m\u00fasica? No es cualquier cosa, te lo explicamos a detalle en este espacio.\" \/>\n<meta property=\"og:url\" content=\"https:\/\/legatto.space\/en\/jacob-collier\/\" \/>\n<meta property=\"og:site_name\" content=\"Legatto\" \/>\n<meta property=\"article:published_time\" content=\"2026-09-03T04:24:05+00:00\" \/>\n<meta property=\"og:image\" content=\"https:\/\/legatto.space\/wp-content\/uploads\/2026\/09\/Jacob-Collier-1.jpg\" \/>\n\t<meta property=\"og:image:width\" content=\"1250\" \/>\n\t<meta property=\"og:image:height\" content=\"833\" \/>\n\t<meta property=\"og:image:type\" content=\"image\/jpeg\" \/>\n<meta name=\"author\" content=\"LEGATTO\" \/>\n<meta name=\"twitter:card\" content=\"summary_large_image\" \/>\n<meta name=\"twitter:label1\" content=\"Written by\" \/>\n\t<meta name=\"twitter:data1\" content=\"LEGATTO\" \/>\n\t<meta name=\"twitter:label2\" content=\"Est. reading time\" \/>\n\t<meta name=\"twitter:data2\" content=\"18 minutes\" \/>\n<script type=\"application\/ld+json\" class=\"yoast-schema-graph\">{\"@context\":\"https:\\\/\\\/schema.org\",\"@graph\":[{\"@type\":\"Article\",\"@id\":\"https:\\\/\\\/legatto.space\\\/jacob-collier\\\/#article\",\"isPartOf\":{\"@id\":\"https:\\\/\\\/legatto.space\\\/jacob-collier\\\/\"},\"author\":{\"name\":\"LEGATTO\",\"@id\":\"https:\\\/\\\/legatto.space\\\/#\\\/schema\\\/person\\\/84d280a3088f6d345451f3f0973975e2\"},\"headline\":\"El Genio de Jacob Collier: La Revoluci\u00f3n de la M\u00fasica Moderna\",\"datePublished\":\"2026-09-03T04:24:05+00:00\",\"mainEntityOfPage\":{\"@id\":\"https:\\\/\\\/legatto.space\\\/jacob-collier\\\/\"},\"wordCount\":2169,\"publisher\":{\"@id\":\"https:\\\/\\\/legatto.space\\\/#organization\"},\"image\":{\"@id\":\"https:\\\/\\\/legatto.space\\\/jacob-collier\\\/#primaryimage\"},\"thumbnailUrl\":\"https:\\\/\\\/legatto.space\\\/wp-content\\\/uploads\\\/2026\\\/09\\\/Jacob-Collier-1.jpg\",\"articleSection\":[\"Blog\",\"Sin categor\u00eda\"],\"inLanguage\":\"en-US\"},{\"@type\":\"WebPage\",\"@id\":\"https:\\\/\\\/legatto.space\\\/jacob-collier\\\/\",\"url\":\"https:\\\/\\\/legatto.space\\\/jacob-collier\\\/\",\"name\":\"El Genio de Jacob Collier: La Revoluci\u00f3n de la M\u00fasica Moderna - Legatto\",\"isPartOf\":{\"@id\":\"https:\\\/\\\/legatto.space\\\/#website\"},\"primaryImageOfPage\":{\"@id\":\"https:\\\/\\\/legatto.space\\\/jacob-collier\\\/#primaryimage\"},\"image\":{\"@id\":\"https:\\\/\\\/legatto.space\\\/jacob-collier\\\/#primaryimage\"},\"thumbnailUrl\":\"https:\\\/\\\/legatto.space\\\/wp-content\\\/uploads\\\/2026\\\/09\\\/Jacob-Collier-1.jpg\",\"datePublished\":\"2026-09-03T04:24:05+00:00\",\"description\":\"\u00bfPor qu\u00e9 Jaco Collier es considerado una eminencia en la m\u00fasica? No es cualquier cosa, te lo explicamos a detalle en este espacio.\",\"breadcrumb\":{\"@id\":\"https:\\\/\\\/legatto.space\\\/jacob-collier\\\/#breadcrumb\"},\"inLanguage\":\"en-US\",\"potentialAction\":[{\"@type\":\"ReadAction\",\"target\":[\"https:\\\/\\\/legatto.space\\\/jacob-collier\\\/\"]}]},{\"@type\":\"ImageObject\",\"inLanguage\":\"en-US\",\"@id\":\"https:\\\/\\\/legatto.space\\\/jacob-collier\\\/#primaryimage\",\"url\":\"https:\\\/\\\/legatto.space\\\/wp-content\\\/uploads\\\/2026\\\/09\\\/Jacob-Collier-1.jpg\",\"contentUrl\":\"https:\\\/\\\/legatto.space\\\/wp-content\\\/uploads\\\/2026\\\/09\\\/Jacob-Collier-1.jpg\",\"width\":1250,\"height\":833},{\"@type\":\"BreadcrumbList\",\"@id\":\"https:\\\/\\\/legatto.space\\\/jacob-collier\\\/#breadcrumb\",\"itemListElement\":[{\"@type\":\"ListItem\",\"position\":1,\"name\":\"Portada\",\"item\":\"https:\\\/\\\/legatto.space\\\/\"},{\"@type\":\"ListItem\",\"position\":2,\"name\":\"El Genio de Jacob Collier: La Revoluci\u00f3n de la M\u00fasica Moderna\"}]},{\"@type\":\"WebSite\",\"@id\":\"https:\\\/\\\/legatto.space\\\/#website\",\"url\":\"https:\\\/\\\/legatto.space\\\/\",\"name\":\"Legatto\",\"description\":\"Consciencia Musical\",\"publisher\":{\"@id\":\"https:\\\/\\\/legatto.space\\\/#organization\"},\"potentialAction\":[{\"@type\":\"SearchAction\",\"target\":{\"@type\":\"EntryPoint\",\"urlTemplate\":\"https:\\\/\\\/legatto.space\\\/?s={search_term_string}\"},\"query-input\":{\"@type\":\"PropertyValueSpecification\",\"valueRequired\":true,\"valueName\":\"search_term_string\"}}],\"inLanguage\":\"en-US\"},{\"@type\":\"Organization\",\"@id\":\"https:\\\/\\\/legatto.space\\\/#organization\",\"name\":\"Legatto Institute\",\"url\":\"https:\\\/\\\/legatto.space\\\/\",\"logo\":{\"@type\":\"ImageObject\",\"inLanguage\":\"en-US\",\"@id\":\"https:\\\/\\\/legatto.space\\\/#\\\/schema\\\/logo\\\/image\\\/\",\"url\":\"https:\\\/\\\/legatto.space\\\/wp-content\\\/uploads\\\/2021\\\/07\\\/Legatto-Logo-Final.png\",\"contentUrl\":\"https:\\\/\\\/legatto.space\\\/wp-content\\\/uploads\\\/2021\\\/07\\\/Legatto-Logo-Final.png\",\"width\":1424,\"height\":508,\"caption\":\"Legatto Institute\"},\"image\":{\"@id\":\"https:\\\/\\\/legatto.space\\\/#\\\/schema\\\/logo\\\/image\\\/\"}},{\"@type\":\"Person\",\"@id\":\"https:\\\/\\\/legatto.space\\\/#\\\/schema\\\/person\\\/84d280a3088f6d345451f3f0973975e2\",\"name\":\"LEGATTO\",\"image\":{\"@type\":\"ImageObject\",\"inLanguage\":\"en-US\",\"@id\":\"https:\\\/\\\/secure.gravatar.com\\\/avatar\\\/1b1902dc547026a808f50fc175f586638265a4c09c066bbb2f0e8dfd37eca6ad?s=96&d=mm&r=g\",\"url\":\"https:\\\/\\\/secure.gravatar.com\\\/avatar\\\/1b1902dc547026a808f50fc175f586638265a4c09c066bbb2f0e8dfd37eca6ad?s=96&d=mm&r=g\",\"contentUrl\":\"https:\\\/\\\/secure.gravatar.com\\\/avatar\\\/1b1902dc547026a808f50fc175f586638265a4c09c066bbb2f0e8dfd37eca6ad?s=96&d=mm&r=g\",\"caption\":\"LEGATTO\"},\"sameAs\":[\"http:\\\/\\\/legatto.space\"],\"url\":\"https:\\\/\\\/legatto.space\\\/en\\\/author\\\/legattomx\\\/\"}]}<\/script>\n<!-- \/ Yoast SEO plugin. -->","yoast_head_json":{"title":"El Genio de Jacob Collier: La Revoluci\u00f3n de la M\u00fasica Moderna - Legatto","description":"\u00bfPor qu\u00e9 Jaco Collier es considerado una eminencia en la m\u00fasica? No es cualquier cosa, te lo explicamos a detalle en este espacio.","robots":{"index":"index","follow":"follow","max-snippet":"max-snippet:-1","max-image-preview":"max-image-preview:large","max-video-preview":"max-video-preview:-1"},"canonical":"https:\/\/legatto.space\/en\/jacob-collier\/","og_locale":"en_US","og_type":"article","og_title":"El Genio de Jacob Collier: La Revoluci\u00f3n de la M\u00fasica Moderna - Legatto","og_description":"\u00bfPor qu\u00e9 Jaco Collier es considerado una eminencia en la m\u00fasica? No es cualquier cosa, te lo explicamos a detalle en este espacio.","og_url":"https:\/\/legatto.space\/en\/jacob-collier\/","og_site_name":"Legatto","article_published_time":"2026-09-03T04:24:05+00:00","og_image":[{"width":1250,"height":833,"url":"https:\/\/legatto.space\/wp-content\/uploads\/2026\/09\/Jacob-Collier-1.jpg","type":"image\/jpeg"}],"author":"LEGATTO","twitter_card":"summary_large_image","twitter_misc":{"Written by":"LEGATTO","Est. reading time":"18 minutes"},"schema":{"@context":"https:\/\/schema.org","@graph":[{"@type":"Article","@id":"https:\/\/legatto.space\/jacob-collier\/#article","isPartOf":{"@id":"https:\/\/legatto.space\/jacob-collier\/"},"author":{"name":"LEGATTO","@id":"https:\/\/legatto.space\/#\/schema\/person\/84d280a3088f6d345451f3f0973975e2"},"headline":"El Genio de Jacob Collier: La Revoluci\u00f3n de la M\u00fasica Moderna","datePublished":"2026-09-03T04:24:05+00:00","mainEntityOfPage":{"@id":"https:\/\/legatto.space\/jacob-collier\/"},"wordCount":2169,"publisher":{"@id":"https:\/\/legatto.space\/#organization"},"image":{"@id":"https:\/\/legatto.space\/jacob-collier\/#primaryimage"},"thumbnailUrl":"https:\/\/legatto.space\/wp-content\/uploads\/2026\/09\/Jacob-Collier-1.jpg","articleSection":["Blog","Sin categor\u00eda"],"inLanguage":"en-US"},{"@type":"WebPage","@id":"https:\/\/legatto.space\/jacob-collier\/","url":"https:\/\/legatto.space\/jacob-collier\/","name":"El Genio de Jacob Collier: La Revoluci\u00f3n de la M\u00fasica Moderna - Legatto","isPartOf":{"@id":"https:\/\/legatto.space\/#website"},"primaryImageOfPage":{"@id":"https:\/\/legatto.space\/jacob-collier\/#primaryimage"},"image":{"@id":"https:\/\/legatto.space\/jacob-collier\/#primaryimage"},"thumbnailUrl":"https:\/\/legatto.space\/wp-content\/uploads\/2026\/09\/Jacob-Collier-1.jpg","datePublished":"2026-09-03T04:24:05+00:00","description":"\u00bfPor qu\u00e9 Jaco Collier es considerado una eminencia en la m\u00fasica? No es cualquier cosa, te lo explicamos a detalle en este espacio.","breadcrumb":{"@id":"https:\/\/legatto.space\/jacob-collier\/#breadcrumb"},"inLanguage":"en-US","potentialAction":[{"@type":"ReadAction","target":["https:\/\/legatto.space\/jacob-collier\/"]}]},{"@type":"ImageObject","inLanguage":"en-US","@id":"https:\/\/legatto.space\/jacob-collier\/#primaryimage","url":"https:\/\/legatto.space\/wp-content\/uploads\/2026\/09\/Jacob-Collier-1.jpg","contentUrl":"https:\/\/legatto.space\/wp-content\/uploads\/2026\/09\/Jacob-Collier-1.jpg","width":1250,"height":833},{"@type":"BreadcrumbList","@id":"https:\/\/legatto.space\/jacob-collier\/#breadcrumb","itemListElement":[{"@type":"ListItem","position":1,"name":"Portada","item":"https:\/\/legatto.space\/"},{"@type":"ListItem","position":2,"name":"El Genio de Jacob Collier: La Revoluci\u00f3n de la M\u00fasica Moderna"}]},{"@type":"WebSite","@id":"https:\/\/legatto.space\/#website","url":"https:\/\/legatto.space\/","name":"Legatto","description":"Musical Consciousness","publisher":{"@id":"https:\/\/legatto.space\/#organization"},"potentialAction":[{"@type":"SearchAction","target":{"@type":"EntryPoint","urlTemplate":"https:\/\/legatto.space\/?s={search_term_string}"},"query-input":{"@type":"PropertyValueSpecification","valueRequired":true,"valueName":"search_term_string"}}],"inLanguage":"en-US"},{"@type":"Organization","@id":"https:\/\/legatto.space\/#organization","name":"Legatto Institute","url":"https:\/\/legatto.space\/","logo":{"@type":"ImageObject","inLanguage":"en-US","@id":"https:\/\/legatto.space\/#\/schema\/logo\/image\/","url":"https:\/\/legatto.space\/wp-content\/uploads\/2021\/07\/Legatto-Logo-Final.png","contentUrl":"https:\/\/legatto.space\/wp-content\/uploads\/2021\/07\/Legatto-Logo-Final.png","width":1424,"height":508,"caption":"Legatto Institute"},"image":{"@id":"https:\/\/legatto.space\/#\/schema\/logo\/image\/"}},{"@type":"Person","@id":"https:\/\/legatto.space\/#\/schema\/person\/84d280a3088f6d345451f3f0973975e2","name":"LEGATTO","image":{"@type":"ImageObject","inLanguage":"en-US","@id":"https:\/\/secure.gravatar.com\/avatar\/1b1902dc547026a808f50fc175f586638265a4c09c066bbb2f0e8dfd37eca6ad?s=96&d=mm&r=g","url":"https:\/\/secure.gravatar.com\/avatar\/1b1902dc547026a808f50fc175f586638265a4c09c066bbb2f0e8dfd37eca6ad?s=96&d=mm&r=g","contentUrl":"https:\/\/secure.gravatar.com\/avatar\/1b1902dc547026a808f50fc175f586638265a4c09c066bbb2f0e8dfd37eca6ad?s=96&d=mm&r=g","caption":"LEGATTO"},"sameAs":["http:\/\/legatto.space"],"url":"https:\/\/legatto.space\/en\/author\/legattomx\/"}]}},"jetpack_sharing_enabled":true,"jetpack_featured_media_url":"https:\/\/legatto.space\/wp-content\/uploads\/2026\/09\/Jacob-Collier-1.jpg","_links":{"self":[{"href":"https:\/\/legatto.space\/en\/wp-json\/wp\/v2\/posts\/2154","targetHints":{"allow":["GET"]}}],"collection":[{"href":"https:\/\/legatto.space\/en\/wp-json\/wp\/v2\/posts"}],"about":[{"href":"https:\/\/legatto.space\/en\/wp-json\/wp\/v2\/types\/post"}],"author":[{"embeddable":true,"href":"https:\/\/legatto.space\/en\/wp-json\/wp\/v2\/users\/1"}],"replies":[{"embeddable":true,"href":"https:\/\/legatto.space\/en\/wp-json\/wp\/v2\/comments?post=2154"}],"version-history":[{"count":2,"href":"https:\/\/legatto.space\/en\/wp-json\/wp\/v2\/posts\/2154\/revisions"}],"predecessor-version":[{"id":2160,"href":"https:\/\/legatto.space\/en\/wp-json\/wp\/v2\/posts\/2154\/revisions\/2160"}],"wp:featuredmedia":[{"embeddable":true,"href":"https:\/\/legatto.space\/en\/wp-json\/wp\/v2\/media\/2155"}],"wp:attachment":[{"href":"https:\/\/legatto.space\/en\/wp-json\/wp\/v2\/media?parent=2154"}],"wp:term":[{"taxonomy":"category","embeddable":true,"href":"https:\/\/legatto.space\/en\/wp-json\/wp\/v2\/categories?post=2154"},{"taxonomy":"post_tag","embeddable":true,"href":"https:\/\/legatto.space\/en\/wp-json\/wp\/v2\/tags?post=2154"}],"curies":[{"name":"wp","href":"https:\/\/api.w.org\/{rel}","templated":true}]}}